[{"@context":"https:\/\/schema.org\/","@type":"Article","@id":"https:\/\/www.crompel.cz\/kam-s-tim\/#Article","mainEntityOfPage":"https:\/\/www.crompel.cz\/kam-s-tim\/","headline":"Kam s t\u00edm","name":"Kam s t\u00edm","description":"Jestli pat\u0159\u00edte mezi ty \u0161\u0165astn\u011bj\u0161\u00ed a vlastn\u00edte rodinn\u00fd d\u016fm nebo se chyst\u00e1te k jeho stavb\u011b, pak ur\u010dit\u011b najdete vhodn\u00e9 prostory, kter\u00e9 by slou\u017eily jako \u0161atna. Z\u00e1rove\u0148 je tak m\u016f\u017eete vyu\u017e\u00edt k samotn\u00e9mu obl\u00e9k\u00e1n\u00ed, snadno zde schov\u00e1te prkno na \u017eehlen\u00ed a dal\u0161\u00ed drobn\u00e9 v\u011bci. Samoz\u0159ejmost\u00ed, bez kter\u00e9 se neobejdou hlavn\u011b \u017eeny, by m\u011blo b\u00fdt i zrcadlo.","datePublished":"2023-05-06","dateModified":"2023-05-06","author":{"@type":"Person","@id":"https:\/\/www.crompel.cz\/author\/#Person","name":"","url":"https:\/\/www.crompel.cz\/author\/","identifier":1,"image":{"@type":"ImageObject","@id":"https:\/\/secure.gravatar.com\/avatar\/04053961f5a3d2af1f56d865c7fc774bb6a80b9754b2f4c57fa4f8cefa253bd4?s=96&d=mm&r=g","url":"https:\/\/secure.gravatar.com\/avatar\/04053961f5a3d2af1f56d865c7fc774bb6a80b9754b2f4c57fa4f8cefa253bd4?s=96&d=mm&r=g","height":96,"width":96}},"publisher":{"@type":"Organization","name":"crompel.cz","logo":{"@type":"ImageObject","@id":"\/logo.png","url":"\/logo.png","width":600,"height":60}},"image":{"@type":"ImageObject","@id":"https:\/\/www.crompel.cz\/wp-content\/uploads\/img_a328898_w2624_t1541004600.jpg","url":"https:\/\/www.crompel.cz\/wp-content\/uploads\/img_a328898_w2624_t1541004600.jpg","height":0,"width":0},"url":"https:\/\/www.crompel.cz\/kam-s-tim\/","about":["D\u016fm a byt"],"wordCount":413,"articleBody":"Jestli pat\u0159\u00edte mezi ty \u0161\u0165astn\u011bj\u0161\u00ed a vlastn\u00edte rodinn\u00fd d\u016fm nebo se chyst\u00e1te k jeho stavb\u011b, pak ur\u010dit\u011b najdete vhodn\u00e9 prostory, kter\u00e9 by slou\u017eily jako \u0161atna. Z\u00e1rove\u0148 je tak m\u016f\u017eete vyu\u017e\u00edt k samotn\u00e9mu obl\u00e9k\u00e1n\u00ed, snadno zde schov\u00e1te prkno na \u017eehlen\u00ed a dal\u0161\u00ed drobn\u00e9 v\u011bci. Samoz\u0159ejmost\u00ed, bez kter\u00e9 se neobejdou hlavn\u011b \u017eeny, by m\u011blo b\u00fdt i zrcadlo. Ide\u00e1ln\u00ed je m\u00edt \u0161atnu u ka\u017ed\u00e9ho z pokoj\u016f, tedy lo\u017enice, d\u011btsk\u00e9ho pokoje nebo pokoje pro hosty. M\u00edstnost pak bude v\u011bt\u0161\u00ed, nebo\u0165 nebude nutn\u00e9 zde m\u00edt \u0161atn\u00ed sk\u0159\u00edn\u011b.&#13; Dal\u0161\u00ed variantou jsou tzv. vestav\u011bn\u00e9 sk\u0159\u00edn\u011b, kter\u00e9 mohou pokr\u00fdvat ze\u010f od shora a\u017e dol\u016f. Malbu ostatn\u00edch st\u011bn volte v podobn\u00e9m odst\u00ednu jako je barva sk\u0159\u00edn\u00ed, t\u00edm si cel\u00e1 m\u00edstnost zachov\u00e1 celistvost.&#13; &#13; Co v\u0161echno do \u0161atny pat\u0159\u00ed&#13; P\u0159i za\u0159izov\u00e1n\u00ed \u0161atny dodr\u017eujte n\u011bkolik z\u00e1kladn\u00edch rozm\u011br\u016f, hloubka v\u00edce jak \u0161edes\u00e1t centimetr\u016f, aby zde bylo mo\u017eno v\u011b\u0161et oble\u010den\u00ed r\u016fzn\u00fdch d\u00e9lek. Velice praktick\u00e9 jsou \u0161upl\u00edky, kam se dob\u0159e skl\u00e1daj\u00ed tri\u010dka, ko\u0161ile, svetry a mikiny. P\u0159i pl\u00e1nov\u00e1n\u00ed tak\u00e9 nezapome\u0148te p\u0159ipo\u010d\u00edtat zhruba dva centimetry, co\u017e je tlou\u0161\u0165ka desek.&#13; V\u00fdbornou vychyt\u00e1vkou jsou tak\u00e9 organiz\u00e9ry na spodn\u00ed pr\u00e1dlo, opasky, kravaty, \u0161\u00e1tky a \u0161\u00e1ly a p\u0159ihr\u00e1dky ur\u010den\u00e9 k ulo\u017een\u00ed \u0161perk\u016f a bi\u017euterie.&#13; &#13; V kuchyni nikdy nen\u00ed m\u00edsta dost&#13; Nenajdete v\u011bt\u0161\u00ed mno\u017estv\u00ed v\u011bc\u00ed, ne\u017e v kuchyni samotn\u00e9. Pokud v\u00e1s \u010dek\u00e1 v\u00fdb\u011br nov\u00e9 kuchy\u0148sk\u00e9 linky, ur\u010dit\u011b si vyb\u00edrejte ten model, kter\u00fd bude m\u00edt sk\u0159\u00ed\u0148ky po cel\u00e9 plo\u0161e.&#13; Koupelna&#13; V koupeln\u011b nemus\u00ed b\u00fdt \u00falo\u017en\u00e9 prostory nijak rozs\u00e1hl\u00e9, v\u011bt\u0161inou si vysta\u010d\u00edte se sk\u0159\u00ed\u0148kami, kter\u00e9 dost \u010dasto b\u00fdvaj\u00ed alespo\u0148 z \u010d\u00e1sti zrcadlov\u00e9. Vzhledem k vlhkosti by se m\u011blo jednat o n\u00e1bytek ur\u010den\u00fd do koupelen.&#13; D\u011btsk\u00fd pokoj&#13; Uklizen\u00fd d\u011btsk\u00fd pokoj je pro spoustu rodi\u010d\u016f fata morg\u00e1nou, ale i na prvn\u00ed pohled m\u016f\u017ee p\u016fsobit uspo\u0159\u00e1dan\u011b, k tomu posta\u010d\u00ed boxy, a\u0165 u\u017e plastov\u00e9 nebo l\u00e1tkov\u00e9, nebo kontejnery na kole\u010dk\u00e1ch, se kter\u00fdmi se i lehce manipuluje, nav\u00edc se do nich vejde velk\u00e9 mno\u017estv\u00ed hra\u010dek.&#13;                                                                                                                                                                                                                                                                                                                                                                                         3.7\/5 - (4 votes)        "},{"@context":"https:\/\/schema.org\/","@type":"BreadcrumbList","itemListElement":[{"@type":"ListItem","position":1,"name":"Kam s t\u00edm","item":"https:\/\/www.crompel.cz\/kam-s-tim\/#breadcrumbitem"}]}]